{"id":1087437596152,"date":"2026-04-20T08:39:57","date_gmt":"2026-04-20T11:39:57","guid":{"rendered":"https:\/\/cmedias.ca\/?p=1087437596152"},"modified":"2026-04-20T08:39:57","modified_gmt":"2026-04-20T11:39:57","slug":"surveillance-des-services-de-securite-david-coon-reclame-plus-de-transparence","status":"publish","type":"post","link":"https:\/\/cmedias.ca\/fr_fr\/surveillance-des-services-de-securite-david-coon-reclame-plus-de-transparence\/","title":{"rendered":"Surveillance des services de s\u00e9curit\u00e9 : David Coon r\u00e9clame plus de transparence"},"content":{"rendered":"<p class=\"western\"><b>Le chef du Parti vert, David Coon, demande la cr\u00e9ation d\u2019un comit\u00e9 l\u00e9gislatif de surveillance pour encadrer le Bureau du conseiller provincial en s\u00e9curit\u00e9. Cette sortie fait suite aux r\u00e9v\u00e9lations troublantes voulant que l\u2019administration Higgs ait tent\u00e9 d\u2019acc\u00e9der aux donn\u00e9es du 911 sans pr\u00e9avis public. <\/b><\/p>\n<p class=\"western\">S\u00e9bastien Caron<\/p>\n<p class=\"western\">CJPN \u2013 C90<\/p>\n<p class=\"western\"><i>Cette demande de transparence accrue survient \u00e0 la suite de r\u00e9v\u00e9lations indiquant que l\u2019administration pr\u00e9c\u00e9dente aurait tent\u00e9 d\u2019acc\u00e9der, sans pr\u00e9avis public, aux donn\u00e9es et aux enregistrements des appels log\u00e9s au 911. Pour David Coon, cet \u00e9pisode illustre un \u00ab vide d\u00e9mocratique \u00bb pr\u00e9occupant au sein du Bureau du conseiller provincial en s\u00e9curit\u00e9.<\/i><\/p>\n<p class=\"western\"><i>La proposition repose sur la cr\u00e9ation d&rsquo;un comit\u00e9 multipartisan \u00e0 l&rsquo;Assembl\u00e9e l\u00e9gislative, calqu\u00e9 sur le Comit\u00e9 des parlementaires sur la s\u00e9curit\u00e9 nationale et le renseignement (CPSNR) en vigueur \u00e0 Ottawa. Ce m\u00e9canisme permettrait \u00e0 des \u00e9lus de toutes all\u00e9geances de surveiller les activit\u00e9s des services de s\u00e9curit\u00e9 provinciaux, assurant ainsi que ces derniers ne soient jamais utilis\u00e9s \u00e0 des fins politiques.<\/i><\/p>\n<p class=\"western\"><i>Au-del\u00e0 de la structure administrative, l&rsquo;enjeu principal demeure la confiance de la population envers les services d&rsquo;urgence. Le chef des Verts souligne qu&rsquo;il est essentiel de rassurer les N\u00e9o-Brunswickois sur le fait que leurs communications priv\u00e9es lors de situations de d\u00e9tresse ne seront pas siphonn\u00e9es par l&rsquo;\u00c9tat.<\/i><\/p>\n<p class=\"western\"><i>Le dossier est maintenant entre les mains du nouveau gouvernement, David Coon esp\u00e9rant qu&rsquo;une collaboration avec le minist\u00e8re de la S\u00e9curit\u00e9 publique permettra d&rsquo;adopter rapidement ces mesures d&rsquo;imputabilit\u00e9, qualifi\u00e9es de simples et de n\u00e9cessaires pour la sant\u00e9 de la d\u00e9mocratie provinciale.<\/i><\/p>\n<audio class=\"wp-audio-shortcode\" id=\"audio-1087437596152-1\" preload=\"none\" style=\"width: 100%;\" controls=\"controls\"><source type=\"audio\/mpeg\" src=\"https:\/\/cmedias.ca\/wp-content\/uploads\/2026\/04\/David-Coon-911.mp3?_=1\" \/><a href=\"https:\/\/cmedias.ca\/wp-content\/uploads\/2026\/04\/David-Coon-911.mp3\">https:\/\/cmedias.ca\/wp-content\/uploads\/2026\/04\/David-Coon-911.mp3<\/a><\/audio>","protected":false},"excerpt":{"rendered":"<p>Le chef du Parti vert, David Coon, demande la cr\u00e9ation d\u2019un comit\u00e9 l\u00e9gislatif de surveillance pour encadrer le Bureau du conseiller provincial en s\u00e9curit\u00e9. Cette sortie fait suite aux r\u00e9v\u00e9lations troublantes voulant que l\u2019administration Higgs ait tent\u00e9 d\u2019acc\u00e9der aux donn\u00e9es du 911 sans pr\u00e9avis public. S\u00e9bastien Caron CJPN \u2013 C90 Cette demande de transparence accrue [&hellip;]<\/p>\n","protected":false},"author":204542256,"featured_media":1087437596154,"comment_status":"open","ping_status":"open","sticky":false,"template":"","format":"standard","meta":{"_acf_changed":false,"footnotes":""},"categories":[1381,1380,1382],"tags":[],"class_list":["post-1087437596152","post","type-post","status-publish","format-standard","has-post-thumbnail","hentry","category-fredericton","category-miramichi","category-saint-jean"],"acf":[],"_links":{"self":[{"href":"https:\/\/cmedias.ca\/fr_fr\/wp-json\/wp\/v2\/posts\/1087437596152","targetHints":{"allow":["GET"]}}],"collection":[{"href":"https:\/\/cmedias.ca\/fr_fr\/wp-json\/wp\/v2\/posts"}],"about":[{"href":"https:\/\/cmedias.ca\/fr_fr\/wp-json\/wp\/v2\/types\/post"}],"author":[{"embeddable":true,"href":"https:\/\/cmedias.ca\/fr_fr\/wp-json\/wp\/v2\/users\/204542256"}],"replies":[{"embeddable":true,"href":"https:\/\/cmedias.ca\/fr_fr\/wp-json\/wp\/v2\/comments?post=1087437596152"}],"version-history":[{"count":0,"href":"https:\/\/cmedias.ca\/fr_fr\/wp-json\/wp\/v2\/posts\/1087437596152\/revisions"}],"wp:featuredmedia":[{"embeddable":true,"href":"https:\/\/cmedias.ca\/fr_fr\/wp-json\/wp\/v2\/media\/1087437596154"}],"wp:attachment":[{"href":"https:\/\/cmedias.ca\/fr_fr\/wp-json\/wp\/v2\/media?parent=1087437596152"}],"wp:term":[{"taxonomy":"category","embeddable":true,"href":"https:\/\/cmedias.ca\/fr_fr\/wp-json\/wp\/v2\/categories?post=1087437596152"},{"taxonomy":"post_tag","embeddable":true,"href":"https:\/\/cmedias.ca\/fr_fr\/wp-json\/wp\/v2\/tags?post=1087437596152"}],"curies":[{"name":"wp","href":"https:\/\/api.w.org\/{rel}","templated":true}]}}