{"id":2179,"date":"2024-04-10T09:00:04","date_gmt":"2024-04-10T12:00:04","guid":{"rendered":"https:\/\/cmedias.ca\/?p=2179"},"modified":"2025-04-03T14:53:46","modified_gmt":"2025-04-03T17:53:46","slug":"succes-pour-la-ville-de-miramichi-et-son-evenement-dobservation-de-leclipse-totale","status":"publish","type":"post","link":"https:\/\/cmedias.ca\/fr_fr\/succes-pour-la-ville-de-miramichi-et-son-evenement-dobservation-de-leclipse-totale\/","title":{"rendered":"Succ\u00e8s pour la ville de Miramichi et son \u00e9v\u00e8nement d\u2019observation de l\u2019\u00e9clipse totale"},"content":{"rendered":"<p><strong>La ville de Miramichi s\u2019est f\u00e9licit\u00e9e hier du succ\u00e8s de son rassemblement \u00e0 l\u2019a\u00e9roport pour observer l\u2019\u00e9clipse totale envelopper la ville de son ombre si particuli\u00e8re.<\/strong><\/p>\n<p>Le maire de Miramichi Adam Lordon a fait part des estimations fournies par les \u00e9quipes de s\u00e9curit\u00e9 sur place. Pr\u00e8s de 3 000 v\u00e9hicules y \u00e9taient stationn\u00e9s. On estime que 10 000 \u00e0 12 000 personnes se sont d\u00e9plac\u00e9es pour assister au spectacle.<\/p>\n<p>Les lunettes distribu\u00e9es par la ville pourront encore servir. En 2025, le matin du 29\u00a0mars, la Lune passera une autre fois devant le disque solaire, et couvrira 86\u00a0% de sa superficie. La prochaine \u00e9clipse totale du soleil est attendue dans 82 ans, en 2106.<\/p>\n<p>Un reportage de Vincent Lavoie.<\/p>\n<audio class=\"wp-audio-shortcode\" id=\"audio-2179-1\" preload=\"none\" style=\"width: 100%;\" controls=\"controls\"><source type=\"audio\/mpeg\" src=\"https:\/\/cmedias.ca\/wp-content\/uploads\/2024\/04\/eclipse-wr-20240409-vjl.mp3?_=1\" \/><a href=\"https:\/\/cmedias.ca\/wp-content\/uploads\/2024\/04\/eclipse-wr-20240409-vjl.mp3\">https:\/\/cmedias.ca\/wp-content\/uploads\/2024\/04\/eclipse-wr-20240409-vjl.mp3<\/a><\/audio>","protected":false},"excerpt":{"rendered":"<p>La ville de Miramichi s\u2019est f\u00e9licit\u00e9e hier du succ\u00e8s de son rassemblement \u00e0 l\u2019a\u00e9roport pour observer l\u2019\u00e9clipse totale envelopper la ville de son ombre si particuli\u00e8re. Le maire de Miramichi Adam Lordon a fait part des estimations fournies par les \u00e9quipes de s\u00e9curit\u00e9 sur place. Pr\u00e8s de 3 000 v\u00e9hicules y \u00e9taient stationn\u00e9s. On estime [&hellip;]<\/p>\n","protected":false},"author":204542259,"featured_media":2180,"comment_status":"open","ping_status":"open","sticky":false,"template":"","format":"standard","meta":{"_acf_changed":false,"footnotes":""},"categories":[1380],"tags":[2164,2166,1394,1395,2170,2172,1397,1398,2176,1386,1392,2177,2180],"class_list":["post-2179","post","type-post","status-publish","format-standard","has-post-thumbnail","hentry","category-miramichi","tag-93-7","tag-c-medias","tag-c93","tag-ckma","tag-gilles-laplante","tag-lacadie-du-coeur","tag-ma93","tag-michel-savoie","tag-miracadie","tag-miramichi","tag-nouveau-brunswick","tag-radio-carrefour-beausoleil","tag-vincent-lavoie"],"acf":[],"_links":{"self":[{"href":"https:\/\/cmedias.ca\/fr_fr\/wp-json\/wp\/v2\/posts\/2179","targetHints":{"allow":["GET"]}}],"collection":[{"href":"https:\/\/cmedias.ca\/fr_fr\/wp-json\/wp\/v2\/posts"}],"about":[{"href":"https:\/\/cmedias.ca\/fr_fr\/wp-json\/wp\/v2\/types\/post"}],"author":[{"embeddable":true,"href":"https:\/\/cmedias.ca\/fr_fr\/wp-json\/wp\/v2\/users\/204542259"}],"replies":[{"embeddable":true,"href":"https:\/\/cmedias.ca\/fr_fr\/wp-json\/wp\/v2\/comments?post=2179"}],"version-history":[{"count":0,"href":"https:\/\/cmedias.ca\/fr_fr\/wp-json\/wp\/v2\/posts\/2179\/revisions"}],"wp:featuredmedia":[{"embeddable":true,"href":"https:\/\/cmedias.ca\/fr_fr\/wp-json\/wp\/v2\/media\/2180"}],"wp:attachment":[{"href":"https:\/\/cmedias.ca\/fr_fr\/wp-json\/wp\/v2\/media?parent=2179"}],"wp:term":[{"taxonomy":"category","embeddable":true,"href":"https:\/\/cmedias.ca\/fr_fr\/wp-json\/wp\/v2\/categories?post=2179"},{"taxonomy":"post_tag","embeddable":true,"href":"https:\/\/cmedias.ca\/fr_fr\/wp-json\/wp\/v2\/tags?post=2179"}],"curies":[{"name":"wp","href":"https:\/\/api.w.org\/{rel}","templated":true}]}}