{"id":3136,"date":"2024-10-28T17:03:22","date_gmt":"2024-10-28T20:03:22","guid":{"rendered":"https:\/\/cmedias.ca\/?p=3136"},"modified":"2025-04-03T14:50:33","modified_gmt":"2025-04-03T17:50:33","slug":"accueil-mitige-des-nouvelles-cibles-dimmigration-a-miramichi","status":"publish","type":"post","link":"https:\/\/cmedias.ca\/fr_fr\/accueil-mitige-des-nouvelles-cibles-dimmigration-a-miramichi\/","title":{"rendered":"Accueil mitig\u00e9 des nouvelles cibles d&rsquo;immigration \u00e0 Miramichi"},"content":{"rendered":"<p><strong>L\u2019annonce des nouveaux seuils en mati\u00e8re d\u2019immigration a suscit\u00e9 des r\u00e9actions mitig\u00e9es de la part du maire de Miramichi, Adam Lordon.<\/strong><\/p>\n<p>Le maire affirme que l\u2019immigration est essentielle pour soutenir la population active de la ville et ses commerces, et pour pallier \u00e0 la p\u00e9nurie de main-d\u2019\u0153uvre.<\/p>\n<p>Selon la derni\u00e8re enqu\u00eate sur la population active de Statistiques Canada, la ville de Miramichi devrait augmenter sa population active de 40 % d\u2019ici les dix prochaines ann\u00e9es. Le maire soutient que les besoins des r\u00e9gions plus \u00e9loign\u00e9es, voire les provinces maritimes, devraient \u00eatre prises en compte.<\/p>\n<p>Le maire se r\u00e9jouit toutefois de la hausse de l\u2019immigration francophone.<\/p>\n<audio class=\"wp-audio-shortcode\" id=\"audio-3136-1\" preload=\"none\" style=\"width: 100%;\" controls=\"controls\"><source type=\"audio\/mpeg\" src=\"https:\/\/frequenceinfo-wpoffloadmedia.s3.ca-central-1.amazonaws.com\/wp-content\/uploads\/2024\/10\/28153227\/immigration-vjl-20241028-vjl-1.mp3?_=1\" \/><a href=\"https:\/\/frequenceinfo-wpoffloadmedia.s3.ca-central-1.amazonaws.com\/wp-content\/uploads\/2024\/10\/28153227\/immigration-vjl-20241028-vjl-1.mp3\">https:\/\/frequenceinfo-wpoffloadmedia.s3.ca-central-1.amazonaws.com\/wp-content\/uploads\/2024\/10\/28153227\/immigration-vjl-20241028-vjl-1.mp3<\/a><\/audio>","protected":false},"excerpt":{"rendered":"<p>L\u2019annonce des nouveaux seuils en mati\u00e8re d\u2019immigration a suscit\u00e9 des r\u00e9actions mitig\u00e9es de la part du maire de Miramichi, Adam Lordon. Le maire affirme que l\u2019immigration est essentielle pour soutenir la population active de la ville et ses commerces, et pour pallier \u00e0 la p\u00e9nurie de main-d\u2019\u0153uvre. Selon la derni\u00e8re enqu\u00eate sur la population active [&hellip;]<\/p>\n","protected":false},"author":204542259,"featured_media":3137,"comment_status":"open","ping_status":"open","sticky":false,"template":"","format":"standard","meta":{"_acf_changed":false,"footnotes":""},"categories":[1380],"tags":[2164,1533,2166,1394,1395,2170,1984,2172,1397,1985,1398,2176,1386,1392,2177,2180],"class_list":["post-3136","post","type-post","status-publish","format-standard","has-post-thumbnail","hentry","category-miramichi","tag-93-7","tag-adam-lordon","tag-c-medias","tag-c93","tag-ckma","tag-gilles-laplante","tag-ircc","tag-lacadie-du-coeur","tag-ma93","tag-marc-miller","tag-michel-savoie","tag-miracadie","tag-miramichi","tag-nouveau-brunswick","tag-radio-carrefour-beausoleil","tag-vincent-lavoie"],"acf":[],"_links":{"self":[{"href":"https:\/\/cmedias.ca\/fr_fr\/wp-json\/wp\/v2\/posts\/3136","targetHints":{"allow":["GET"]}}],"collection":[{"href":"https:\/\/cmedias.ca\/fr_fr\/wp-json\/wp\/v2\/posts"}],"about":[{"href":"https:\/\/cmedias.ca\/fr_fr\/wp-json\/wp\/v2\/types\/post"}],"author":[{"embeddable":true,"href":"https:\/\/cmedias.ca\/fr_fr\/wp-json\/wp\/v2\/users\/204542259"}],"replies":[{"embeddable":true,"href":"https:\/\/cmedias.ca\/fr_fr\/wp-json\/wp\/v2\/comments?post=3136"}],"version-history":[{"count":0,"href":"https:\/\/cmedias.ca\/fr_fr\/wp-json\/wp\/v2\/posts\/3136\/revisions"}],"wp:featuredmedia":[{"embeddable":true,"href":"https:\/\/cmedias.ca\/fr_fr\/wp-json\/wp\/v2\/media\/3137"}],"wp:attachment":[{"href":"https:\/\/cmedias.ca\/fr_fr\/wp-json\/wp\/v2\/media?parent=3136"}],"wp:term":[{"taxonomy":"category","embeddable":true,"href":"https:\/\/cmedias.ca\/fr_fr\/wp-json\/wp\/v2\/categories?post=3136"},{"taxonomy":"post_tag","embeddable":true,"href":"https:\/\/cmedias.ca\/fr_fr\/wp-json\/wp\/v2\/tags?post=3136"}],"curies":[{"name":"wp","href":"https:\/\/api.w.org\/{rel}","templated":true}]}}