{"id":3257,"date":"2025-02-07T13:11:22","date_gmt":"2025-02-07T17:11:22","guid":{"rendered":"https:\/\/cmedias.ca\/?p=3257"},"modified":"2025-04-11T13:36:59","modified_gmt":"2025-04-11T16:36:59","slug":"le-part-vert-du-nouveau-brunswick-veut-developper-lautonomie-alimentaire","status":"publish","type":"post","link":"https:\/\/cmedias.ca\/fr_fr\/le-part-vert-du-nouveau-brunswick-veut-developper-lautonomie-alimentaire\/","title":{"rendered":"Le Part vert du Nouveau-Brunswick veut d\u00e9velopper l&rsquo;autonomie alimentaire"},"content":{"rendered":"<p><strong>Le chef du Parti vert David Coon, a accueilli avec enthousiasme la nouvelle selon laquelle le gouvernement am\u00e9ricain retarde de 30 jours l\u2019application de tarifs douaniers. Des mesures qui mettraient \u00e0 mal l\u2019\u00e9conomie canadienne et particuli\u00e8rement l\u2019\u00e9conomie n\u00e9o-brunswickoise.<\/strong><\/p>\r\n<p>Le chef du Parti vert demande au gouvernement Holt de renforcer l\u2019autonomie des agriculteurs et des transformateurs locaux, en cr\u00e9ant une table ronde de petits et moyens producteurs.<\/p>\r\n<p>Une occasion pour la province de r\u00e9duire sa d\u00e9pendance aux aliments import\u00e9s et, par le fait m\u00eame, de d\u00e9velopper une \u00e9conomie plus locale, donc plus verte. Le chef compte aussi \u00e9tudier les options pour renforcer l\u2019industrie foresti\u00e8re, tr\u00e8s pr\u00e9sente \u00e0 Miramichi.<\/p>\r\n\r\n<p>Une entrevue de Vincent Lavoie.<\/p>\r\n<audio class=\"wp-audio-shortcode\" id=\"audio-3257-1\" preload=\"none\" style=\"width: 100%;\" controls=\"controls\"><source type=\"audio\/mpeg\" src=\"https:\/\/frequenceinfo-wpoffloadmedia.s3.ca-central-1.amazonaws.com\/wp-content\/uploads\/2025\/02\/06144807\/tarifs-intvu-20250205-vjl.mp3?_=1\" \/><a href=\"https:\/\/frequenceinfo-wpoffloadmedia.s3.ca-central-1.amazonaws.com\/wp-content\/uploads\/2025\/02\/06144807\/tarifs-intvu-20250205-vjl.mp3\">https:\/\/frequenceinfo-wpoffloadmedia.s3.ca-central-1.amazonaws.com\/wp-content\/uploads\/2025\/02\/06144807\/tarifs-intvu-20250205-vjl.mp3<\/a><\/audio>","protected":false},"excerpt":{"rendered":"<p>Le chef du Parti vert David Coon, a accueilli avec enthousiasme la nouvelle selon laquelle le gouvernement am\u00e9ricain retarde de 30 jours l\u2019application de tarifs douaniers. Des mesures qui mettraient \u00e0 mal l\u2019\u00e9conomie canadienne et particuli\u00e8rement l\u2019\u00e9conomie n\u00e9o-brunswickoise. Le chef du Parti vert demande au gouvernement Holt de renforcer l\u2019autonomie des agriculteurs et des transformateurs [&hellip;]<\/p>\n","protected":false},"author":204542259,"featured_media":3258,"comment_status":"open","ping_status":"open","sticky":false,"template":"","format":"standard","meta":{"_acf_changed":false,"footnotes":""},"categories":[1381,1380,1382],"tags":[2216,2218,2210,2164,2083,2166,2219,2211,1394,2215,1774,1764,2220,2212,1395,2222,1978,2097,2224,1771,2170,2172,2221,2213,1397,1398,2176,1386,1392,1983,2177,2223,2214,1746,2217,1832,2098,2180],"class_list":["post-3257","post","type-post","status-publish","format-standard","has-post-thumbnail","hentry","category-fredericton","category-miramichi","category-saint-jean","tag-100-franco","tag-105-7","tag-90-5","tag-93-7","tag-arbec","tag-c-medias","tag-c105","tag-c90","tag-c93","tag-centre-communautaire-sainte-anne","tag-centre-communautaire-samuel-de-champlain","tag-centre-scolaire-samuel-de-champlain","tag-chqc","tag-cjpn","tag-ckma","tag-cooperative-radiophonique-brise-de-la-baie","tag-david-coon","tag-donald-trump","tag-francophone","tag-fredericton","tag-gilles-laplante","tag-lacadie-du-coeur","tag-londe-de-la-baie","tag-la-voix-de-la-capitale","tag-ma93","tag-michel-savoie","tag-miracadie","tag-miramichi","tag-nouveau-brunswick","tag-pvnb","tag-radio-carrefour-beausoleil","tag-radio-communautaire","tag-radio-fredericton","tag-saint-jean","tag-sebastien-caron","tag-susan-holt","tag-tarifs","tag-vincent-lavoie"],"acf":[],"_links":{"self":[{"href":"https:\/\/cmedias.ca\/fr_fr\/wp-json\/wp\/v2\/posts\/3257","targetHints":{"allow":["GET"]}}],"collection":[{"href":"https:\/\/cmedias.ca\/fr_fr\/wp-json\/wp\/v2\/posts"}],"about":[{"href":"https:\/\/cmedias.ca\/fr_fr\/wp-json\/wp\/v2\/types\/post"}],"author":[{"embeddable":true,"href":"https:\/\/cmedias.ca\/fr_fr\/wp-json\/wp\/v2\/users\/204542259"}],"replies":[{"embeddable":true,"href":"https:\/\/cmedias.ca\/fr_fr\/wp-json\/wp\/v2\/comments?post=3257"}],"version-history":[{"count":0,"href":"https:\/\/cmedias.ca\/fr_fr\/wp-json\/wp\/v2\/posts\/3257\/revisions"}],"wp:featuredmedia":[{"embeddable":true,"href":"https:\/\/cmedias.ca\/fr_fr\/wp-json\/wp\/v2\/media\/3258"}],"wp:attachment":[{"href":"https:\/\/cmedias.ca\/fr_fr\/wp-json\/wp\/v2\/media?parent=3257"}],"wp:term":[{"taxonomy":"category","embeddable":true,"href":"https:\/\/cmedias.ca\/fr_fr\/wp-json\/wp\/v2\/categories?post=3257"},{"taxonomy":"post_tag","embeddable":true,"href":"https:\/\/cmedias.ca\/fr_fr\/wp-json\/wp\/v2\/tags?post=3257"}],"curies":[{"name":"wp","href":"https:\/\/api.w.org\/{rel}","templated":true}]}}