{"id":3317,"date":"2025-03-21T19:23:42","date_gmt":"2025-03-21T22:23:42","guid":{"rendered":"https:\/\/cmedias.ca\/?p=3317"},"modified":"2025-04-03T14:48:40","modified_gmt":"2025-04-03T17:48:40","slug":"janie-mclaughlin-exposee-a-la-galerie-artcadienne","status":"publish","type":"post","link":"https:\/\/cmedias.ca\/fr_fr\/janie-mclaughlin-exposee-a-la-galerie-artcadienne\/","title":{"rendered":"Janie McLaughlin expos\u00e9e \u00e0 la galerie ARTcadienne"},"content":{"rendered":"<p><strong>Originaire de Rivi\u00e8re-au-Portage, Janie McLaughlin aime allier ses passions pour la peinture et le textile.<\/strong><\/p>\r\n<p>Atteinte d\u2019un trouble auditif, elle affirme avoir d\u00e9velopp\u00e9 son sens du toucher pour mettre en avant diverses textures dans ses \u0153uvres, auxquelles le public peut toucher\u2026 avec ses yeux.<\/p>\r\n<p>Au cours du vernissage, elle finalisera une \u0153uvre d\u2019art qu\u2019elle a entam\u00e9 il y a maintenant 15 ans, et sera accompagn\u00e9e par la prestation <em>a cappella<\/em> de Sabrina Goupil.<\/p>\r\n\r\n\r\n\r\n<p>Une entrevue de Vincent Lavoie.<\/p>\r\n<audio class=\"wp-audio-shortcode\" id=\"audio-3317-1\" preload=\"none\" style=\"width: 100%;\" controls=\"controls\"><source type=\"audio\/mpeg\" src=\"https:\/\/frequenceinfo-wpoffloadmedia.s3.ca-central-1.amazonaws.com\/wp-content\/uploads\/2025\/03\/21151628\/vernissage-intvu-20250321-vjl.mp3?_=1\" \/><a href=\"https:\/\/frequenceinfo-wpoffloadmedia.s3.ca-central-1.amazonaws.com\/wp-content\/uploads\/2025\/03\/21151628\/vernissage-intvu-20250321-vjl.mp3\">https:\/\/frequenceinfo-wpoffloadmedia.s3.ca-central-1.amazonaws.com\/wp-content\/uploads\/2025\/03\/21151628\/vernissage-intvu-20250321-vjl.mp3<\/a><\/audio>","protected":false},"excerpt":{"rendered":"<p>Originaire de Rivi\u00e8re-au-Portage, Janie McLaughlin aime allier ses passions pour la peinture et le textile. Atteinte d\u2019un trouble auditif, elle affirme avoir d\u00e9velopp\u00e9 son sens du toucher pour mettre en avant diverses textures dans ses \u0153uvres, auxquelles le public peut toucher\u2026 avec ses yeux. Au cours du vernissage, elle finalisera une \u0153uvre d\u2019art qu\u2019elle a [&hellip;]<\/p>\n","protected":false},"author":204542259,"featured_media":3318,"comment_status":"open","ping_status":"open","sticky":false,"template":"","format":"standard","meta":{"_acf_changed":false,"footnotes":""},"categories":[1380],"tags":[2164,2166,1394,1584,1395,2061,2170,2155,2172,1397,1398,2176,1386,1392,2177,2156,2157,2180],"class_list":["post-3317","post","type-post","status-publish","format-standard","has-post-thumbnail","hentry","category-miramichi","tag-93-7","tag-c-medias","tag-c93","tag-carrefour-communautaire-beausoleil","tag-ckma","tag-galerie-artcadienne","tag-gilles-laplante","tag-janie-mclaughlin","tag-lacadie-du-coeur","tag-ma93","tag-michel-savoie","tag-miracadie","tag-miramichi","tag-nouveau-brunswick","tag-radio-carrefour-beausoleil","tag-riviere-au-portage","tag-sabrina-goupil","tag-vincent-lavoie"],"acf":[],"_links":{"self":[{"href":"https:\/\/cmedias.ca\/fr_fr\/wp-json\/wp\/v2\/posts\/3317","targetHints":{"allow":["GET"]}}],"collection":[{"href":"https:\/\/cmedias.ca\/fr_fr\/wp-json\/wp\/v2\/posts"}],"about":[{"href":"https:\/\/cmedias.ca\/fr_fr\/wp-json\/wp\/v2\/types\/post"}],"author":[{"embeddable":true,"href":"https:\/\/cmedias.ca\/fr_fr\/wp-json\/wp\/v2\/users\/204542259"}],"replies":[{"embeddable":true,"href":"https:\/\/cmedias.ca\/fr_fr\/wp-json\/wp\/v2\/comments?post=3317"}],"version-history":[{"count":0,"href":"https:\/\/cmedias.ca\/fr_fr\/wp-json\/wp\/v2\/posts\/3317\/revisions"}],"wp:featuredmedia":[{"embeddable":true,"href":"https:\/\/cmedias.ca\/fr_fr\/wp-json\/wp\/v2\/media\/3318"}],"wp:attachment":[{"href":"https:\/\/cmedias.ca\/fr_fr\/wp-json\/wp\/v2\/media?parent=3317"}],"wp:term":[{"taxonomy":"category","embeddable":true,"href":"https:\/\/cmedias.ca\/fr_fr\/wp-json\/wp\/v2\/categories?post=3317"},{"taxonomy":"post_tag","embeddable":true,"href":"https:\/\/cmedias.ca\/fr_fr\/wp-json\/wp\/v2\/tags?post=3317"}],"curies":[{"name":"wp","href":"https:\/\/api.w.org\/{rel}","templated":true}]}}