{"id":3445,"date":"2025-06-09T13:26:44","date_gmt":"2025-06-09T16:26:44","guid":{"rendered":"https:\/\/cmedias.ca\/?p=3445"},"modified":"2025-06-10T09:58:32","modified_gmt":"2025-06-10T12:58:32","slug":"veronique-arsenault-satisfaite-de-son-passage-a-la-convention-des-municipalites","status":"publish","type":"post","link":"https:\/\/cmedias.ca\/fr_fr\/veronique-arsenault-satisfaite-de-son-passage-a-la-convention-des-municipalites\/","title":{"rendered":"V\u00e9ronique Arsenault satisfaite de son passage \u00e0 la convention des municipalit\u00e9s"},"content":{"rendered":"<p><b>La conseill\u00e8re municipale de la Ville de Miramichi V\u00e9ronique Arsenault faisait partie de la d\u00e9l\u00e9gation d&rsquo;\u00e9lus qui se sont d\u00e9plac\u00e9s \u00e0 la capitale nationale en fin de semaine derni\u00e8re pour assister au congr\u00e8s annuel de la F\u00e9d\u00e9ration canadienne des municipalit\u00e9s.<\/b><\/p>\n<p><span style=\"font-weight: 400\">Une occasion pour les \u00e9lus d&rsquo;\u00e9changer sur les d\u00e9fis de leur communaut\u00e9 et de trouver des points communs. La conseill\u00e8re se dit satisfaite de son exp\u00e9rience.<\/span><\/p>\n<p><span style=\"font-weight: 400\">La convention a re\u00e7u la visite du premier ministre Mark Carney, qui souhaite entamer une nouvelle \u00e8re de collaboration avec les municipalit\u00e9s.<\/span><\/p>\n<p>Une entrevue de Vincent Lavoie.<\/p>\n<audio class=\"wp-audio-shortcode\" id=\"audio-3445-1\" preload=\"none\" style=\"width: 100%;\" controls=\"controls\"><source type=\"audio\/mpeg\" src=\"https:\/\/frequenceinfo-wpoffloadmedia.s3.ca-central-1.amazonaws.com\/wp-content\/uploads\/2025\/06\/09124911\/municipalites-intvu-20250603-vjl.mp3?_=1\" \/><a href=\"https:\/\/frequenceinfo-wpoffloadmedia.s3.ca-central-1.amazonaws.com\/wp-content\/uploads\/2025\/06\/09124911\/municipalites-intvu-20250603-vjl.mp3\">https:\/\/frequenceinfo-wpoffloadmedia.s3.ca-central-1.amazonaws.com\/wp-content\/uploads\/2025\/06\/09124911\/municipalites-intvu-20250603-vjl.mp3<\/a><\/audio>","protected":false},"excerpt":{"rendered":"<p>La conseill\u00e8re municipale de la Ville de Miramichi V\u00e9ronique Arsenault faisait partie de la d\u00e9l\u00e9gation d&rsquo;\u00e9lus qui se sont d\u00e9plac\u00e9s \u00e0 la capitale nationale en fin de semaine derni\u00e8re pour assister au congr\u00e8s annuel de la F\u00e9d\u00e9ration canadienne des municipalit\u00e9s. Une occasion pour les \u00e9lus d&rsquo;\u00e9changer sur les d\u00e9fis de leur communaut\u00e9 et de trouver [&hellip;]<\/p>\n","protected":false},"author":204542259,"featured_media":3446,"comment_status":"open","ping_status":"open","sticky":false,"template":"","format":"standard","meta":{"_acf_changed":false,"footnotes":""},"categories":[1380],"tags":[2216,2164,2166,1394,1395,2293,2170,2172,1397,1398,2176,1386,1392,1893,2177,1727,2180],"class_list":["post-3445","post","type-post","status-publish","format-standard","has-post-thumbnail","hentry","category-miramichi","tag-100-franco","tag-93-7","tag-c-medias","tag-c93","tag-ckma","tag-federation-canadienne-des-municipalites","tag-gilles-laplante","tag-lacadie-du-coeur","tag-ma93","tag-michel-savoie","tag-miracadie","tag-miramichi","tag-nouveau-brunswick","tag-ottawa","tag-radio-carrefour-beausoleil","tag-veronique-arsenault","tag-vincent-lavoie"],"acf":[],"_links":{"self":[{"href":"https:\/\/cmedias.ca\/fr_fr\/wp-json\/wp\/v2\/posts\/3445","targetHints":{"allow":["GET"]}}],"collection":[{"href":"https:\/\/cmedias.ca\/fr_fr\/wp-json\/wp\/v2\/posts"}],"about":[{"href":"https:\/\/cmedias.ca\/fr_fr\/wp-json\/wp\/v2\/types\/post"}],"author":[{"embeddable":true,"href":"https:\/\/cmedias.ca\/fr_fr\/wp-json\/wp\/v2\/users\/204542259"}],"replies":[{"embeddable":true,"href":"https:\/\/cmedias.ca\/fr_fr\/wp-json\/wp\/v2\/comments?post=3445"}],"version-history":[{"count":0,"href":"https:\/\/cmedias.ca\/fr_fr\/wp-json\/wp\/v2\/posts\/3445\/revisions"}],"wp:featuredmedia":[{"embeddable":true,"href":"https:\/\/cmedias.ca\/fr_fr\/wp-json\/wp\/v2\/media\/3446"}],"wp:attachment":[{"href":"https:\/\/cmedias.ca\/fr_fr\/wp-json\/wp\/v2\/media?parent=3445"}],"wp:term":[{"taxonomy":"category","embeddable":true,"href":"https:\/\/cmedias.ca\/fr_fr\/wp-json\/wp\/v2\/categories?post=3445"},{"taxonomy":"post_tag","embeddable":true,"href":"https:\/\/cmedias.ca\/fr_fr\/wp-json\/wp\/v2\/tags?post=3445"}],"curies":[{"name":"wp","href":"https:\/\/api.w.org\/{rel}","templated":true}]}}