{"id":3454,"date":"2025-06-13T11:12:36","date_gmt":"2025-06-13T14:12:36","guid":{"rendered":"https:\/\/cmedias.ca\/?p=3454"},"modified":"2025-06-13T11:12:36","modified_gmt":"2025-06-13T14:12:36","slug":"regarder-un-film-en-francais-pour-en-maitriser-la-langue","status":"publish","type":"post","link":"https:\/\/cmedias.ca\/fr_fr\/regarder-un-film-en-francais-pour-en-maitriser-la-langue\/","title":{"rendered":"Regarder un film en fran\u00e7ais pour en ma\u00eetriser la langue"},"content":{"rendered":"<p><strong>Une soixantaine d\u2019\u00e9l\u00e8ves de l\u2019\u00e9cole rurale de Nelson se sont d\u00e9plac\u00e9s au th\u00e9\u00e2tre Gilles-Laplante pour visionner un film doubl\u00e9 en fran\u00e7ais.<\/strong><\/p>\r\n<p>L\u2019enseignante Ellen MacDonald est \u00e0 l\u2019origine de cette initiative. Dans le cadre de ses cours, ses \u00e9l\u00e8ves ont \u00e9tudi\u00e9 divers aspects des contes de f\u00e9e dans l\u2019optique de cr\u00e9er leur propre conte.<\/p>\r\n<p>Pour l\u2019enseignante, il est crucial d\u2019exposer les \u00e9l\u00e8ves \u00e0 la langue fran\u00e7aise. L\u2019\u00e9cole rurale de Nelson est la seule \u00e9cole du District scolaire anglophone Nord offrant l\u2019immersion fran\u00e7aise pr\u00e9coce.<\/p>\r\n\r\n<p>Un reportage de Vincent Lavoie.<\/p>\r\n<audio class=\"wp-audio-shortcode\" id=\"audio-3454-1\" preload=\"none\" style=\"width: 100%;\" controls=\"controls\"><source type=\"audio\/mpeg\" src=\"https:\/\/frequenceinfo-wpoffloadmedia.s3.ca-central-1.amazonaws.com\/wp-content\/uploads\/2025\/06\/13090915\/conte-wr-20250612-vjl.mp3?_=1\" \/><a href=\"https:\/\/frequenceinfo-wpoffloadmedia.s3.ca-central-1.amazonaws.com\/wp-content\/uploads\/2025\/06\/13090915\/conte-wr-20250612-vjl.mp3\">https:\/\/frequenceinfo-wpoffloadmedia.s3.ca-central-1.amazonaws.com\/wp-content\/uploads\/2025\/06\/13090915\/conte-wr-20250612-vjl.mp3<\/a><\/audio>","protected":false},"excerpt":{"rendered":"<p>Une soixantaine d\u2019\u00e9l\u00e8ves de l\u2019\u00e9cole rurale de Nelson se sont d\u00e9plac\u00e9s au th\u00e9\u00e2tre Gilles-Laplante pour visionner un film doubl\u00e9 en fran\u00e7ais. L\u2019enseignante Ellen MacDonald est \u00e0 l\u2019origine de cette initiative. Dans le cadre de ses cours, ses \u00e9l\u00e8ves ont \u00e9tudi\u00e9 divers aspects des contes de f\u00e9e dans l\u2019optique de cr\u00e9er leur propre conte. Pour l\u2019enseignante, [&hellip;]<\/p>\n","protected":false},"author":204542259,"featured_media":3455,"comment_status":"open","ping_status":"open","sticky":false,"template":"","format":"standard","meta":{"_acf_changed":false,"footnotes":""},"categories":[1380],"tags":[2216,2164,2166,1394,1395,2307,2308,1518,2170,2172,1397,1398,2176,1386,1392,2177,2180],"class_list":["post-3454","post","type-post","status-publish","format-standard","has-post-thumbnail","hentry","category-miramichi","tag-100-franco","tag-93-7","tag-c-medias","tag-c93","tag-ckma","tag-district-scolaire-anglophone-du-nord","tag-ecole-rurale-de-nelson","tag-ellen-macdonald","tag-gilles-laplante","tag-lacadie-du-coeur","tag-ma93","tag-michel-savoie","tag-miracadie","tag-miramichi","tag-nouveau-brunswick","tag-radio-carrefour-beausoleil","tag-vincent-lavoie"],"acf":[],"_links":{"self":[{"href":"https:\/\/cmedias.ca\/fr_fr\/wp-json\/wp\/v2\/posts\/3454","targetHints":{"allow":["GET"]}}],"collection":[{"href":"https:\/\/cmedias.ca\/fr_fr\/wp-json\/wp\/v2\/posts"}],"about":[{"href":"https:\/\/cmedias.ca\/fr_fr\/wp-json\/wp\/v2\/types\/post"}],"author":[{"embeddable":true,"href":"https:\/\/cmedias.ca\/fr_fr\/wp-json\/wp\/v2\/users\/204542259"}],"replies":[{"embeddable":true,"href":"https:\/\/cmedias.ca\/fr_fr\/wp-json\/wp\/v2\/comments?post=3454"}],"version-history":[{"count":0,"href":"https:\/\/cmedias.ca\/fr_fr\/wp-json\/wp\/v2\/posts\/3454\/revisions"}],"wp:featuredmedia":[{"embeddable":true,"href":"https:\/\/cmedias.ca\/fr_fr\/wp-json\/wp\/v2\/media\/3455"}],"wp:attachment":[{"href":"https:\/\/cmedias.ca\/fr_fr\/wp-json\/wp\/v2\/media?parent=3454"}],"wp:term":[{"taxonomy":"category","embeddable":true,"href":"https:\/\/cmedias.ca\/fr_fr\/wp-json\/wp\/v2\/categories?post=3454"},{"taxonomy":"post_tag","embeddable":true,"href":"https:\/\/cmedias.ca\/fr_fr\/wp-json\/wp\/v2\/tags?post=3454"}],"curies":[{"name":"wp","href":"https:\/\/api.w.org\/{rel}","templated":true}]}}